{"id":768,"date":"2025-03-06T07:23:32","date_gmt":"2025-03-06T06:23:32","guid":{"rendered":"https:\/\/www.yannjondot.org\/?p=768"},"modified":"2025-03-20T07:36:25","modified_gmt":"2025-03-20T06:36:25","slug":"ker-isole-un-lieu-de-vie-chaleureux-soutenu-par-la-solidarite","status":"publish","type":"post","link":"https:\/\/www.yannjondot.org\/index.php\/2025\/03\/06\/ker-isole-un-lieu-de-vie-chaleureux-soutenu-par-la-solidarite\/","title":{"rendered":"Ker Isol\u00e9 : un lieu de vie chaleureux soutenu par la solidarit\u00e9"},"content":{"rendered":"\n<p>\u00c0 <strong>Roudouallec<\/strong>, le <strong>domicile partag\u00e9 Ker Isol\u00e9<\/strong> incarne tout ce que peut repr\u00e9senter un lieu de vie inclusif, chaleureux et tourn\u00e9 vers l\u2019humain. Lors d\u2019une r\u00e9cente visite, le fonds de dotation de Yann Jondot a eu le plaisir de d\u00e9couvrir ce lieu r\u00e9nov\u00e9 avec soin, et surtout <strong>habit\u00e9 par la bienveillance<\/strong>.<\/p>\n\n\n\n<p>Accueillis par <strong>Ana\u00efs<\/strong>, les visiteurs ont partag\u00e9 un moment de convivialit\u00e9 avec les <strong>r\u00e9sidents<\/strong>, avant de visiter les lieux d\u00e9sormais <strong>refaits \u00e0 neuf<\/strong> apr\u00e8s d\u2019importants travaux.<\/p>\n\n\n\n<p>Ce projet a \u00e9t\u00e9 renforc\u00e9 par une <strong>belle action de solidarit\u00e9<\/strong> : l\u2019association <strong>\u00ab Cette Famille \u00bb<\/strong> a fait don de <strong>mat\u00e9riel param\u00e9dical essentiel<\/strong>, incluant un <strong>fauteuil de confort \u00e9lectrique<\/strong>, une <strong>tablette<\/strong>, des <strong>d\u00e9ambulateurs<\/strong>, et d\u2019autres \u00e9quipements utiles pour am\u00e9liorer le quotidien des personnes accueillies.<\/p>\n\n\n\n<blockquote class=\"wp-block-quote is-layout-flow wp-block-quote-is-layout-flow\">\n<p>\u00ab Quel bonheur de voir des gens heureux, ce plaisir nous l&rsquo;avons v\u00e9cu au domicile partag\u00e9 Ker Isol\u00e9. \u00bb<\/p>\n<\/blockquote>\n\n\n\n<p>Un grand merci \u00e0 <strong>Sterenn, Ana\u00efs, H\u00e9l\u00e8ne, Sandrine et Laurent<\/strong> pour leur engagement dans cette d\u00e9marche collective au service du bien-\u00eatre.<\/p>\n\n\n\n<p>\u00c0 noter : <strong>quatre places sont encore disponibles au domicile partag\u00e9 Ker Isol\u00e9<\/strong>. Pour tout renseignement, contactez l\u2019association \u00ab Cette Famille \u00bb au <strong>01 76 44 04 37<\/strong>.<\/p>\n","protected":false},"excerpt":{"rendered":"<p>Au domicile partag\u00e9 \u00ab Ker Isol\u00e9 \u00bb de Roudouallec, les r\u00e9sidents b\u00e9n\u00e9ficient d\u00e9sormais d\u2019un environnement encore plus confortable gr\u00e2ce au don de mat\u00e9riel param\u00e9dical. Une belle action collective, empreinte d\u2019humanit\u00e9.<\/p>\n","protected":false},"author":1,"featured_media":769,"comment_status":"closed","ping_status":"open","sticky":false,"template":"","format":"standard","meta":{"footnotes":""},"categories":[1],"tags":[],"class_list":["post-768","post","type-post","status-publish","format-standard","has-post-thumbnail","hentry","category-presse"],"_links":{"self":[{"href":"https:\/\/www.yannjondot.org\/index.php\/wp-json\/wp\/v2\/posts\/768","targetHints":{"allow":["GET"]}}],"collection":[{"href":"https:\/\/www.yannjondot.org\/index.php\/wp-json\/wp\/v2\/posts"}],"about":[{"href":"https:\/\/www.yannjondot.org\/index.php\/wp-json\/wp\/v2\/types\/post"}],"author":[{"embeddable":true,"href":"https:\/\/www.yannjondot.org\/index.php\/wp-json\/wp\/v2\/users\/1"}],"replies":[{"embeddable":true,"href":"https:\/\/www.yannjondot.org\/index.php\/wp-json\/wp\/v2\/comments?post=768"}],"version-history":[{"count":1,"href":"https:\/\/www.yannjondot.org\/index.php\/wp-json\/wp\/v2\/posts\/768\/revisions"}],"predecessor-version":[{"id":770,"href":"https:\/\/www.yannjondot.org\/index.php\/wp-json\/wp\/v2\/posts\/768\/revisions\/770"}],"wp:featuredmedia":[{"embeddable":true,"href":"https:\/\/www.yannjondot.org\/index.php\/wp-json\/wp\/v2\/media\/769"}],"wp:attachment":[{"href":"https:\/\/www.yannjondot.org\/index.php\/wp-json\/wp\/v2\/media?parent=768"}],"wp:term":[{"taxonomy":"category","embeddable":true,"href":"https:\/\/www.yannjondot.org\/index.php\/wp-json\/wp\/v2\/categories?post=768"},{"taxonomy":"post_tag","embeddable":true,"href":"https:\/\/www.yannjondot.org\/index.php\/wp-json\/wp\/v2\/tags?post=768"}],"curies":[{"name":"wp","href":"https:\/\/api.w.org\/{rel}","templated":true}]}}