{"id":590,"date":"2022-01-30T23:13:54","date_gmt":"2022-01-30T22:13:54","guid":{"rendered":"https:\/\/www.yannjondot.org\/?p=590"},"modified":"2022-01-30T23:13:54","modified_gmt":"2022-01-30T22:13:54","slug":"jour1-saul-amazonie-pour-tous-un-exemple-a-suivre","status":"publish","type":"post","link":"https:\/\/www.yannjondot.org\/index.php\/2022\/01\/30\/jour1-saul-amazonie-pour-tous-un-exemple-a-suivre\/","title":{"rendered":"Jour1 \u2013 Sa\u00fcl : \u201cAmazonie pour tous\u201d, un exemple \u00e0 suivre"},"content":{"rendered":"\n<p>Un parc engag\u00e9 dans une d\u00e9marche exemplaire d\u2019accessibilit\u00e9 pour les communes de toute la Guyane, il n&rsquo;en fallait pas plus pour que l&rsquo;\u00e9quipe Handi\u2019Cap sur l\u2019Amazonie coche la ville de Sa\u00fcl sur le road-book. Pour leur premi\u00e8re journ\u00e9e de terrain, Yann et Arnaud ont pu rencontrer Stephane et Aymerick qui ont pu d\u00e9montrer que les personnes en situation de handicap peuvent pratiquer certains sentiers, sur Sa\u00fcl notamment.<\/p>\n\n\n\n<figure class=\"wp-block-image size-large\"><img fetchpriority=\"high\" decoding=\"async\" width=\"1024\" height=\"683\" src=\"https:\/\/www.yannjondot.org\/wp-content\/uploads\/2022\/01\/272761210_982766015663128_1278686906450240080_n-1024x683.jpg\" alt=\"\" class=\"wp-image-591\" srcset=\"https:\/\/www.yannjondot.org\/wp-content\/uploads\/2022\/01\/272761210_982766015663128_1278686906450240080_n-1024x683.jpg 1024w, https:\/\/www.yannjondot.org\/wp-content\/uploads\/2022\/01\/272761210_982766015663128_1278686906450240080_n-300x200.jpg 300w, https:\/\/www.yannjondot.org\/wp-content\/uploads\/2022\/01\/272761210_982766015663128_1278686906450240080_n-768x512.jpg 768w, https:\/\/www.yannjondot.org\/wp-content\/uploads\/2022\/01\/272761210_982766015663128_1278686906450240080_n-1536x1024.jpg 1536w, https:\/\/www.yannjondot.org\/wp-content\/uploads\/2022\/01\/272761210_982766015663128_1278686906450240080_n-900x600.jpg 900w, https:\/\/www.yannjondot.org\/wp-content\/uploads\/2022\/01\/272761210_982766015663128_1278686906450240080_n.jpg 2048w\" sizes=\"(max-width: 1024px) 100vw, 1024px\" \/><\/figure>\n\n\n\n<p>La rencontre a \u00e9galement permis \u00e0 Yann Jondot de constater que les besoins sont les m\u00eames qu&rsquo;en m\u00e9tropole puisque le parc national r\u00e9alise la promotion d\u2019une d\u00e9marche d\u2019int\u00e9gration du handicap par les populations r\u00e9sidentes elles-m\u00eames. Elle garantit un acc\u00e8s au-del\u00e0 de la seule condition physique. Par exemple, depuis 2016, les acteurs de Sa\u00fcl ont \u00e9t\u00e9 initi\u00e9s \u00e0 l\u2019accueil de publics d\u00e9ficients auditifs et la mani\u00e8re de proposer un produit touristique adapt\u00e9 \u00e0 chaque type de handicap avec notamment l\u2019application mobile G\u00e9otrek et sa base de donn\u00e9es interpr\u00e9tative accessible \u00e0 tous.<\/p>\n\n\n\n<figure class=\"wp-block-image size-large\"><img decoding=\"async\" width=\"1024\" height=\"683\" src=\"https:\/\/www.yannjondot.org\/wp-content\/uploads\/2022\/01\/272833712_982766515663078_7241933652512863987_n-1024x683.jpg\" alt=\"\" class=\"wp-image-592\" srcset=\"https:\/\/www.yannjondot.org\/wp-content\/uploads\/2022\/01\/272833712_982766515663078_7241933652512863987_n-1024x683.jpg 1024w, https:\/\/www.yannjondot.org\/wp-content\/uploads\/2022\/01\/272833712_982766515663078_7241933652512863987_n-300x200.jpg 300w, https:\/\/www.yannjondot.org\/wp-content\/uploads\/2022\/01\/272833712_982766515663078_7241933652512863987_n-768x512.jpg 768w, https:\/\/www.yannjondot.org\/wp-content\/uploads\/2022\/01\/272833712_982766515663078_7241933652512863987_n-1536x1024.jpg 1536w, https:\/\/www.yannjondot.org\/wp-content\/uploads\/2022\/01\/272833712_982766515663078_7241933652512863987_n-900x600.jpg 900w, https:\/\/www.yannjondot.org\/wp-content\/uploads\/2022\/01\/272833712_982766515663078_7241933652512863987_n.jpg 2048w\" sizes=\"(max-width: 1024px) 100vw, 1024px\" \/><\/figure>\n\n\n\n<p>Pour la Mairie de Sa\u00fcl qui a travaill\u00e9 en lien avec le Parc amazonien sur le projet Amazonie pour tous, c&rsquo;est du gagnant-gagnant. La commune de 152 habitants situ\u00e9e au c\u0153ur de la for\u00eat amazonienne \u00e0 environ 180 km au sud-ouest de Cayenne a pu d\u00e9velopper l\u2019attractivit\u00e9 de cette commune et la rendre accessible aux personnes \u00e0 mobilit\u00e9 r\u00e9duite.<\/p>\n\n\n\n<figure class=\"wp-block-image size-large\"><img decoding=\"async\" width=\"1024\" height=\"683\" src=\"https:\/\/www.yannjondot.org\/wp-content\/uploads\/2022\/01\/272823985_982766558996407_5308539599540287350_n-1024x683.jpg\" alt=\"\" class=\"wp-image-593\" srcset=\"https:\/\/www.yannjondot.org\/wp-content\/uploads\/2022\/01\/272823985_982766558996407_5308539599540287350_n-1024x683.jpg 1024w, https:\/\/www.yannjondot.org\/wp-content\/uploads\/2022\/01\/272823985_982766558996407_5308539599540287350_n-300x200.jpg 300w, https:\/\/www.yannjondot.org\/wp-content\/uploads\/2022\/01\/272823985_982766558996407_5308539599540287350_n-768x512.jpg 768w, https:\/\/www.yannjondot.org\/wp-content\/uploads\/2022\/01\/272823985_982766558996407_5308539599540287350_n-1536x1024.jpg 1536w, https:\/\/www.yannjondot.org\/wp-content\/uploads\/2022\/01\/272823985_982766558996407_5308539599540287350_n-900x600.jpg 900w, https:\/\/www.yannjondot.org\/wp-content\/uploads\/2022\/01\/272823985_982766558996407_5308539599540287350_n.jpg 2048w\" sizes=\"(max-width: 1024px) 100vw, 1024px\" \/><\/figure>\n","protected":false},"excerpt":{"rendered":"<p>Un parc engag\u00e9 dans une d\u00e9marche exemplaire d\u2019accessibilit\u00e9 pour les communes de toute la Guyane, il n&rsquo;en fallait pas plus pour que l&rsquo;\u00e9quipe Handi\u2019Cap sur l\u2019Amazonie coche la ville de Sa\u00fcl sur le road-book. Pour leur premi\u00e8re journ\u00e9e de terrain, Yann et Arnaud ont pu rencontrer Stephane et Aymerick qui ont pu d\u00e9montrer que les personnes en situation de handicap peuvent pratiquer certains sentiers, sur Sa\u00fcl notamment. La rencontre a \u00e9galement permis \u00e0 Yann Jondot de constater que les besoins sont les m\u00eames qu&rsquo;en m\u00e9tropole puisque le parc national r\u00e9alise la promotion d\u2019une d\u00e9marche d\u2019int\u00e9gration du handicap par les populations r\u00e9sidentes elles-m\u00eames. Elle garantit un acc\u00e8s au-del\u00e0 de la seule condition physique. Par exemple, depuis 2016, les acteurs de Sa\u00fcl ont \u00e9t\u00e9 initi\u00e9s \u00e0 l\u2019accueil de publics d\u00e9ficients auditifs et la mani\u00e8re de proposer un produit touristique adapt\u00e9 \u00e0 chaque type de handicap avec notamment l\u2019application mobile G\u00e9otrek et sa base de donn\u00e9es interpr\u00e9tative accessible \u00e0 tous. Pour la Mairie de Sa\u00fcl qui a travaill\u00e9 en lien avec le Parc amazonien sur le projet Amazonie pour tous, c&rsquo;est du gagnant-gagnant. La commune de 152 habitants situ\u00e9e au c\u0153ur de la for\u00eat amazonienne \u00e0 environ 180 km au sud-ouest de Cayenne a pu d\u00e9velopper l\u2019attractivit\u00e9 de cette commune et la rendre accessible aux personnes \u00e0 mobilit\u00e9 r\u00e9duite.<\/p>\n","protected":false},"author":1,"featured_media":593,"comment_status":"open","ping_status":"open","sticky":false,"template":"","format":"standard","meta":{"footnotes":""},"categories":[18],"tags":[],"class_list":["post-590","post","type-post","status-publish","format-standard","has-post-thumbnail","hentry","category-evenement"],"_links":{"self":[{"href":"https:\/\/www.yannjondot.org\/index.php\/wp-json\/wp\/v2\/posts\/590","targetHints":{"allow":["GET"]}}],"collection":[{"href":"https:\/\/www.yannjondot.org\/index.php\/wp-json\/wp\/v2\/posts"}],"about":[{"href":"https:\/\/www.yannjondot.org\/index.php\/wp-json\/wp\/v2\/types\/post"}],"author":[{"embeddable":true,"href":"https:\/\/www.yannjondot.org\/index.php\/wp-json\/wp\/v2\/users\/1"}],"replies":[{"embeddable":true,"href":"https:\/\/www.yannjondot.org\/index.php\/wp-json\/wp\/v2\/comments?post=590"}],"version-history":[{"count":1,"href":"https:\/\/www.yannjondot.org\/index.php\/wp-json\/wp\/v2\/posts\/590\/revisions"}],"predecessor-version":[{"id":594,"href":"https:\/\/www.yannjondot.org\/index.php\/wp-json\/wp\/v2\/posts\/590\/revisions\/594"}],"wp:featuredmedia":[{"embeddable":true,"href":"https:\/\/www.yannjondot.org\/index.php\/wp-json\/wp\/v2\/media\/593"}],"wp:attachment":[{"href":"https:\/\/www.yannjondot.org\/index.php\/wp-json\/wp\/v2\/media?parent=590"}],"wp:term":[{"taxonomy":"category","embeddable":true,"href":"https:\/\/www.yannjondot.org\/index.php\/wp-json\/wp\/v2\/categories?post=590"},{"taxonomy":"post_tag","embeddable":true,"href":"https:\/\/www.yannjondot.org\/index.php\/wp-json\/wp\/v2\/tags?post=590"}],"curies":[{"name":"wp","href":"https:\/\/api.w.org\/{rel}","templated":true}]}}